{"id":1274,"date":"2026-03-11T15:55:32","date_gmt":"2026-03-11T18:55:32","guid":{"rendered":"https:\/\/liartecontemporanea.com\/?p=1274"},"modified":"2026-03-21T12:32:31","modified_gmt":"2026-03-21T15:32:31","slug":"mostra-reune-mais-de-60-obras-de-arte-para-celebrar-o-aniversario-de-salvador","status":"publish","type":"post","link":"https:\/\/liartecontemporanea.com\/index.php\/2026\/03\/11\/mostra-reune-mais-de-60-obras-de-arte-para-celebrar-o-aniversario-de-salvador\/","title":{"rendered":"Mostra re\u00fane mais de 60 obras de arte para celebrar o anivers\u00e1rio de Salvador"},"content":{"rendered":"\n<p><strong>Salvador completa 477 anos no pr\u00f3ximo dia 29 de mar\u00e7o e ganhar\u00e1 uma homenagem especial para marcar a data.<\/strong>&nbsp;Intitulada&nbsp;<strong>\u201cMostra 477 \u2013 477 anos da Cidade da Bahia\u201d<\/strong>, a exposi\u00e7\u00e3o reunir\u00e1&nbsp;<strong>mais de 60 obras produzidas por 62 artistas pl\u00e1sticos baianos ou naturalizados baianos, incluindo nomes como Bel Borba, Goya Lopes, Ana Kruschewsky, Xico Diniz e mais<\/strong>.<\/p>\n\n\n\n<p>Com diferentes express\u00f5es art\u00edsticas como fotografia, desenho, pintura e escultura,&nbsp;<strong>os trabalhos exaltam a hist\u00f3ria, a f\u00e9, a natureza, lugares, pessoas e manifesta\u00e7\u00f5es culturais, celebrando a beleza, a riqueza e a diversidade da capital baiana.<\/strong>&nbsp;A mostra&nbsp;ficar\u00e1 em cartaz de 20 de mar\u00e7o a 18 de abril, no&nbsp;<strong>Museu da Miseric\u00f3rdia da Bahia<\/strong>, com visita\u00e7\u00e3o de ter\u00e7a a sexta-feira, das 9h \u00e0s 17h; e aos s\u00e1bados, das 9h \u00e0s 16h30.<\/p>\n\n\n\n<p>De acordo com os curadores da exposi\u00e7\u00e3o,&nbsp;<strong>o artista pl\u00e1stico Chico Mazzoni e a muse\u00f3loga \u00c2ngela Petitinga<\/strong>, quando a proposta da mostra foi lan\u00e7ada, em novembro de 2025, a ades\u00e3o dos artistas foi \u201cimediata, intensa e renovadora\u201d.<\/p>\n\n\n\n<p>\u201cO grupo trouxe toda a sua pot\u00eancia criativa para celebrar e representar Salvador atrav\u00e9s da arte contempor\u00e2nea. A cidade inteira \u00e9 mat\u00e9ria est\u00e9tica; um corpo que insiste em pulsar o futuro, inspirando incessantemente o movimento da arte\u201d, destacam o artista pl\u00e1stico e a muse\u00f3loga.&nbsp;<strong>A dupla revela ainda que a inten\u00e7\u00e3o \u00e9 que a mostra seja realizada anualmente<\/strong>. \u201cQueremos que essa edi\u00e7\u00e3o seja uma semente para um caminho cont\u00ednuo, um encontro marcado para que a cada ano, no anivers\u00e1rio de Salvador, a cidade e a arte voltem a se encontrar\u201d, afirmam..<\/p>\n\n\n\n<p><strong>O arquiteto e professor Chico Senna, que assina o texto de apresenta\u00e7\u00e3o da exposi\u00e7\u00e3o, destaca a criatividade &nbsp;e autenticidade dos artistas pl\u00e1sticos ao evocar uma cidade t\u00e3o rica e inspiradora como Salvador<\/strong>. \u201cSalvador \u00e9 uma cidade onde os limites n\u00e3o encontram obst\u00e1culos para suas explos\u00f5es art\u00edsticas. \u00c9 um local marcado pelo encontro de povos e culturas, de diversas ra\u00edzes e matrizes, que se mesclam, definem e redefinem, num apaixonante caldeir\u00e3o cultural, com criatividade, veracidade e autenticidade\u201d, ressalta.<\/p>\n\n\n\n<p><strong>A mostra conta ainda com duas obras do mestre Caryb\u00e9, ic\u00f4nico int\u00e9rprete da cultura baiana<\/strong>, al\u00e9m de trabalhos em suportes, linguagens e t\u00e9cnicas diversas, desde o desenho, a pintura, a &nbsp;fotografia e a joalheria, at\u00e9 as artes digitais e outros h\u00edbridos. Tamb\u00e9m fazem parte do acervo esculturas em metal, madeira, cer\u00e2mica e poliuretano. Entre elas, uma que utiliza o Raku, milenar t\u00e9cnica japonesa de emendar peda\u00e7os de cer\u00e2mica com ouro verdadeiro.<\/p>\n\n\n\n<p><strong>Confira os artistas participantes da&nbsp;\u201cMostra 477 \u2013 477 anos da Cidade da Bahia\u201d:<\/strong><\/p>\n\n\n\n<ul class=\"wp-block-list\">\n<li>Ana Gradin<\/li>\n\n\n\n<li>Ana Kruschewsky<\/li>\n\n\n\n<li>Aruane Garzedin<\/li>\n\n\n\n<li>Bel Borba<\/li>\n\n\n\n<li>Bernardo Ribeiro Tochilovsky<\/li>\n\n\n\n<li>Bruno Pomponet<\/li>\n\n\n\n<li>Carlos C R Luz<\/li>\n\n\n\n<li>Carmen Freaza<\/li>\n\n\n\n<li>C\u00e9lia Mallett<\/li>\n\n\n\n<li>Chico Mazzoni<\/li>\n\n\n\n<li>Christianne Lisboa<\/li>\n\n\n\n<li>Davi Caramelo<\/li>\n\n\n\n<li>Dod\u00f4 Villar<\/li>\n\n\n\n<li>Dulce Cardoso<\/li>\n\n\n\n<li>Enoc Alma<\/li>\n\n\n\n<li>Erickson Britto<\/li>\n\n\n\n<li>Floro Freire<\/li>\n\n\n\n<li>Fred S\u00e1<\/li>\n\n\n\n<li>Gabriel Pinheiro<\/li>\n\n\n\n<li>Goya Lopes<\/li>\n\n\n\n<li>Grace Gradin<\/li>\n\n\n\n<li>Guache Marques<\/li>\n\n\n\n<li>Hilda Salom\u00e3o<\/li>\n\n\n\n<li>Irene Omuro<\/li>\n\n\n\n<li>Jos\u00e9 Ignacio<\/li>\n\n\n\n<li>Jo\u00e3o Telles<\/li>\n\n\n\n<li>Juarez Para\u00edso<\/li>\n\n\n\n<li>Juraci D\u00f3rea<\/li>\n\n\n\n<li>Lilian Morais<\/li>\n\n\n\n<li>Lorena Presas<\/li>\n\n\n\n<li>Louren\u00e7o Mueller<\/li>\n\n\n\n<li>Luiz Humberto Carvalho<\/li>\n\n\n\n<li>Luiz Mario<\/li>\n\n\n\n<li>Marcelo Silva<\/li>\n\n\n\n<li>M\u00e1rcia Magno<\/li>\n\n\n\n<li>Marcos Rodrigues<\/li>\n\n\n\n<li>Mari Simas<\/li>\n\n\n\n<li>Maria Luedy<\/li>\n\n\n\n<li>Maria Nazar\u00e9 Santos<\/li>\n\n\n\n<li>Marta Suzi<\/li>\n\n\n\n<li>Murilo Ribeiro<\/li>\n\n\n\n<li>Neide Cortizo<\/li>\n\n\n\n<li>Neto Robatto<\/li>\n\n\n\n<li>Ordep Serra<\/li>\n\n\n\n<li>Paula Magno<\/li>\n\n\n\n<li>Paulo Canuto<\/li>\n\n\n\n<li>Pico Garcez<\/li>\n\n\n\n<li>Ramiro Bernab\u00f3<\/li>\n\n\n\n<li>Rachel Mascarenhas<\/li>\n\n\n\n<li>Rebou\u00e7as<\/li>\n\n\n\n<li>Reinaldo Giarola<\/li>\n\n\n\n<li>Rejane Alice<\/li>\n\n\n\n<li>S\u00e9rgio Rabinovitz<\/li>\n\n\n\n<li>S\u00edlvio Carvalho<\/li>\n\n\n\n<li>Suy Andrade<\/li>\n\n\n\n<li>Teka Portela<\/li>\n\n\n\n<li>Tati Sampaio<\/li>\n\n\n\n<li>Ulla Von Cz\u00e9kus<\/li>\n\n\n\n<li>V\u00e2nia Viana<\/li>\n\n\n\n<li>Viga Gordilho<\/li>\n\n\n\n<li>Waldo Robatto<\/li>\n\n\n\n<li>Xico Diniz.<\/li>\n<\/ul>\n\n\n\n<p><\/p>\n\n\n\n<p>Mat\u00e9ria publicada em: <a href=\"https:\/\/aloalobahia.com\/noticias\/2026\/03\/10\/salvador-sera-homenageada-com-mais-de-60-obras-de-arte-em-exposicao-para-celebrar-o-aniversario-da-cidade\/\">https:\/\/aloalobahia.com\/noticias\/2026\/03\/10\/salvador-sera-homenageada-com-mais-de-60-obras-de-arte-em-exposicao-para-celebrar-o-aniversario-da-cidade\/<\/a><\/p>\n\n\n\n<p><\/p>\n","protected":false},"excerpt":{"rendered":"<p>Salvador completa 477 anos no pr\u00f3ximo dia 29 de mar\u00e7o e ganhar\u00e1 uma homenagem especial para marcar a data.&nbsp;Intitulada&nbsp;\u201cMostra 477 \u2013 477 anos da Cidade da Bahia\u201d, a exposi\u00e7\u00e3o reunir\u00e1&nbsp;mais de 60 obras produzidas por 62 artistas pl\u00e1sticos baianos ou naturalizados baianos, incluindo nomes como Bel Borba, Goya Lopes, Ana Kruschewsky, Xico Diniz e mais. Com diferentes express\u00f5es art\u00edsticas como fotografia, desenho, pintura e escultura,&nbsp;os trabalhos exaltam a hist\u00f3ria, a f\u00e9, a natureza, lugares, pessoas e manifesta\u00e7\u00f5es culturais, celebrando a beleza, a riqueza e a diversidade da capital baiana.&nbsp;A mostra&nbsp;ficar\u00e1 em cartaz de 20 de mar\u00e7o a 18 de abril, no&nbsp;Museu da Miseric\u00f3rdia da Bahia, com visita\u00e7\u00e3o de ter\u00e7a a sexta-feira, das 9h \u00e0s 17h; e aos s\u00e1bados, das 9h \u00e0s 16h30. De acordo com os curadores da exposi\u00e7\u00e3o,&nbsp;o artista pl\u00e1stico Chico Mazzoni e a muse\u00f3loga \u00c2ngela Petitinga, quando a proposta da mostra foi lan\u00e7ada, em novembro de 2025, a ades\u00e3o dos artistas foi \u201cimediata, intensa e renovadora\u201d. \u201cO grupo trouxe toda a sua pot\u00eancia criativa para celebrar e representar Salvador atrav\u00e9s da arte contempor\u00e2nea. A cidade inteira \u00e9 mat\u00e9ria est\u00e9tica; um corpo que insiste em pulsar o futuro, inspirando incessantemente o movimento da arte\u201d, destacam o artista pl\u00e1stico e a muse\u00f3loga.&nbsp;A dupla revela ainda que a inten\u00e7\u00e3o \u00e9 que a mostra seja realizada anualmente. \u201cQueremos que essa edi\u00e7\u00e3o seja uma semente para um caminho cont\u00ednuo, um encontro marcado para que a cada ano, no anivers\u00e1rio de Salvador, a cidade e a arte voltem a se encontrar\u201d, afirmam.. O arquiteto e professor Chico Senna, que assina o texto de apresenta\u00e7\u00e3o da exposi\u00e7\u00e3o, destaca a criatividade &nbsp;e autenticidade dos artistas pl\u00e1sticos ao evocar uma cidade t\u00e3o rica e inspiradora como Salvador. \u201cSalvador \u00e9 uma cidade onde os limites n\u00e3o encontram obst\u00e1culos para suas explos\u00f5es art\u00edsticas. \u00c9 um local marcado pelo encontro de povos e culturas, de diversas ra\u00edzes e matrizes, que se mesclam, definem e redefinem, num apaixonante caldeir\u00e3o cultural, com criatividade, veracidade e autenticidade\u201d, ressalta. A mostra conta ainda com duas obras do mestre Caryb\u00e9, ic\u00f4nico int\u00e9rprete da cultura baiana, al\u00e9m de trabalhos em suportes, linguagens e t\u00e9cnicas diversas, desde o desenho, a pintura, a &nbsp;fotografia e a joalheria, at\u00e9 as artes digitais e outros h\u00edbridos. Tamb\u00e9m fazem parte do acervo esculturas em metal, madeira, cer\u00e2mica e poliuretano. Entre elas, uma que utiliza o Raku, milenar t\u00e9cnica japonesa de emendar peda\u00e7os de cer\u00e2mica com ouro verdadeiro. Confira os artistas participantes da&nbsp;\u201cMostra 477 \u2013 477 anos da Cidade da Bahia\u201d: Mat\u00e9ria publicada em: https:\/\/aloalobahia.com\/noticias\/2026\/03\/10\/salvador-sera-homenageada-com-mais-de-60-obras-de-arte-em-exposicao-para-celebrar-o-aniversario-da-cidade\/<\/p>\n","protected":false},"author":2,"featured_media":1275,"comment_status":"closed","ping_status":"closed","sticky":false,"template":"","format":"standard","meta":{"footnotes":"","jetpack_publicize_message":"","jetpack_publicize_feature_enabled":true,"jetpack_social_post_already_shared":true,"jetpack_social_options":{"image_generator_settings":{"template":"highway","default_image_id":0,"font":"","enabled":false},"version":2}},"categories":[31],"tags":[],"class_list":["post-1274","post","type-post","status-publish","format-standard","has-post-thumbnail","hentry","category-exposicoes"],"jetpack_publicize_connections":[],"_links":{"self":[{"href":"https:\/\/liartecontemporanea.com\/index.php\/wp-json\/wp\/v2\/posts\/1274","targetHints":{"allow":["GET"]}}],"collection":[{"href":"https:\/\/liartecontemporanea.com\/index.php\/wp-json\/wp\/v2\/posts"}],"about":[{"href":"https:\/\/liartecontemporanea.com\/index.php\/wp-json\/wp\/v2\/types\/post"}],"author":[{"embeddable":true,"href":"https:\/\/liartecontemporanea.com\/index.php\/wp-json\/wp\/v2\/users\/2"}],"replies":[{"embeddable":true,"href":"https:\/\/liartecontemporanea.com\/index.php\/wp-json\/wp\/v2\/comments?post=1274"}],"version-history":[{"count":2,"href":"https:\/\/liartecontemporanea.com\/index.php\/wp-json\/wp\/v2\/posts\/1274\/revisions"}],"predecessor-version":[{"id":1278,"href":"https:\/\/liartecontemporanea.com\/index.php\/wp-json\/wp\/v2\/posts\/1274\/revisions\/1278"}],"wp:featuredmedia":[{"embeddable":true,"href":"https:\/\/liartecontemporanea.com\/index.php\/wp-json\/wp\/v2\/media\/1275"}],"wp:attachment":[{"href":"https:\/\/liartecontemporanea.com\/index.php\/wp-json\/wp\/v2\/media?parent=1274"}],"wp:term":[{"taxonomy":"category","embeddable":true,"href":"https:\/\/liartecontemporanea.com\/index.php\/wp-json\/wp\/v2\/categories?post=1274"},{"taxonomy":"post_tag","embeddable":true,"href":"https:\/\/liartecontemporanea.com\/index.php\/wp-json\/wp\/v2\/tags?post=1274"}],"curies":[{"name":"wp","href":"https:\/\/api.w.org\/{rel}","templated":true}]}}